{"id":415,"date":"2023-02-13T14:36:00","date_gmt":"2023-02-13T13:36:00","guid":{"rendered":"https:\/\/duero-douro.com\/cescot\/?p=415"},"modified":"2025-01-28T14:48:50","modified_gmt":"2025-01-28T13:48:50","slug":"bemposta-acoge-el-mercado-de-productos-agroalimentarios-de-la-frontera-duero-douro","status":"publish","type":"post","link":"https:\/\/duero-douro.com\/cescot\/2023\/02\/13\/bemposta-acoge-el-mercado-de-productos-agroalimentarios-de-la-frontera-duero-douro\/","title":{"rendered":"Bemposta acoge el mercado de productos agroalimentarios de la frontera Duero-Douro"},"content":{"rendered":"\n<p>Para dar a conocer a los productores y artesanos del territorio Duero-Douro, el pasado s\u00e1bado 11 de febrero la localidad portuguesa de Bemposta fue el lugar donde la AECT duero-Douro organiz\u00f3 un mercado de productos agroalimentarios de la frontera. Una actividad con la que busc\u00f3 dinamizar el comercio local de uno y otro lado de la frontera, al mismo tiempo que artesanos y comerciantes de ambos pa\u00edses tuvieron la oportunidad de conocerse. <\/p>\n\n\n\n<p>Queso, embutidos, vino, aceite, joyas o textil fueron los distintos productos que las distintas personas que se acercaron a esta localidad portuguesa pudieron adquirir.  Todos los y las productores participantes forman parte del <a href=\"https:\/\/duero-douro.com\/cescot\/wp-content\/uploads\/2024\/11\/InventarioAgentesdelTerritorioCESCOT_compr.pdf\">inventariado dentro del proyecto CESCO<\/a>T.<\/p>\n\n\n\n<p>Tal fue la buena acogida de esta actividad, que la AECT Duero-Douro ya est\u00e1 trabajando en una nueva edici\u00f3n de esta actividad para 2024. <\/p>\n\n\n\n<p> Esta acci\u00f3n se trata de la actividad E.6.4. Difusi\u00f3n del proyecto programada dentro del proyecto 0024_CESCOT_6_E-CESCOT financiado por el programa INTERREG VI-A Espa\u00f1a Portugal.<\/p>\n","protected":false},"excerpt":{"rendered":"<p>Para dar a conocer a los productores y artesanos del territorio Duero-Douro, el pasado s\u00e1bado 11 de febrero la localidad portuguesa de Bemposta fue el lugar donde la AECT duero-Douro organiz\u00f3 un mercado de productos agroalimentarios de la frontera. Una actividad con la que busc\u00f3 dinamizar el comercio local de uno y otro lado de [&hellip;]<\/p>\n","protected":false},"author":2,"featured_media":416,"comment_status":"open","ping_status":"open","sticky":false,"template":"","format":"standard","meta":{"_et_pb_use_builder":"off","_et_pb_old_content":"","_et_gb_content_width":"","footnotes":""},"categories":[1],"tags":[],"class_list":["post-415","post","type-post","status-publish","format-standard","has-post-thumbnail","hentry","category-sin-categoria"],"_links":{"self":[{"href":"https:\/\/duero-douro.com\/cescot\/wp-json\/wp\/v2\/posts\/415","targetHints":{"allow":["GET"]}}],"collection":[{"href":"https:\/\/duero-douro.com\/cescot\/wp-json\/wp\/v2\/posts"}],"about":[{"href":"https:\/\/duero-douro.com\/cescot\/wp-json\/wp\/v2\/types\/post"}],"author":[{"embeddable":true,"href":"https:\/\/duero-douro.com\/cescot\/wp-json\/wp\/v2\/users\/2"}],"replies":[{"embeddable":true,"href":"https:\/\/duero-douro.com\/cescot\/wp-json\/wp\/v2\/comments?post=415"}],"version-history":[{"count":1,"href":"https:\/\/duero-douro.com\/cescot\/wp-json\/wp\/v2\/posts\/415\/revisions"}],"predecessor-version":[{"id":417,"href":"https:\/\/duero-douro.com\/cescot\/wp-json\/wp\/v2\/posts\/415\/revisions\/417"}],"wp:featuredmedia":[{"embeddable":true,"href":"https:\/\/duero-douro.com\/cescot\/wp-json\/wp\/v2\/media\/416"}],"wp:attachment":[{"href":"https:\/\/duero-douro.com\/cescot\/wp-json\/wp\/v2\/media?parent=415"}],"wp:term":[{"taxonomy":"category","embeddable":true,"href":"https:\/\/duero-douro.com\/cescot\/wp-json\/wp\/v2\/categories?post=415"},{"taxonomy":"post_tag","embeddable":true,"href":"https:\/\/duero-douro.com\/cescot\/wp-json\/wp\/v2\/tags?post=415"}],"curies":[{"name":"wp","href":"https:\/\/api.w.org\/{rel}","templated":true}]}}